{"id":7544,"date":"2026-09-01T22:12:29","date_gmt":"2026-09-01T20:12:29","guid":{"rendered":"https:\/\/www.collectifsrefugiesdromevaucluse.fr\/?p=7544"},"modified":"2026-09-01T22:12:31","modified_gmt":"2026-09-01T20:12:31","slug":"fete-des-ami-e-sdu-monde","status":"publish","type":"post","link":"https:\/\/www.collectifsrefugiesdromevaucluse.fr\/index.php\/2026\/09\/01\/fete-des-ami-e-sdu-monde\/","title":{"rendered":"F\u00caTE\u00a0des\u00a0AMI.E.Sdu\u00a0MONDE"},"content":{"rendered":"\n<h2 class=\"wp-block-heading has-text-align-center has-black-color has-text-color has-link-color has-large-font-size wp-elements-1\"><strong><em>10 ans d\u00e9j\u00e0 !<\/em><\/strong><\/h2>\n\n\n\n<p class=\"has-foreground-color has-text-color has-link-color wp-elements-2 wp-block-paragraph\"><strong>Le<\/strong> <strong>Samedi 3 octobre<\/strong> <strong>2026 \u00e0<\/strong> <strong>La Scierie<\/strong>\u00a0(Salle Le Hangar),<\/p>\n\n\n\n<p class=\"has-foreground-color has-text-color has-link-color wp-elements-3 wp-block-paragraph\">15 bd du quai Saint Lazare 84000 Avignon<\/p>\n\n\n\n<p class=\"has-foreground-color has-text-color has-link-color has-normal-font-size wp-elements-4 wp-block-paragraph\"><strong>Entr\u00e9e Libre,<\/strong> <strong>SVP<\/strong> <strong>se garer au parking des Italiens, \u00e0 3 minutes \u00e0 pied de la Scierie<\/strong><br>Le Collectif R\u00e9fugi\u00e9s du Vaucluse\u00a0 &amp; 100 pour 1, deux associations qui partagent des valeurs de fraternit\u00e9, de solidarit\u00e9 et de bienveillance \u00e0 l\u2019\u00e9gard des personnes fuyant la guerre, la dictature ou la mis\u00e8re, f\u00eatent ensemble leurs 10 ans d\u2019existence.<\/p>\n\n\n\n<p class=\"has-foreground-color has-text-color has-link-color has-normal-font-size wp-elements-5 wp-block-paragraph\"><strong>Contacts<\/strong> <a href=\"mailto:collectifrefugiescomtat@gmail.com\" target=\"_blank\" rel=\"noopener\">collectifrefugiescomtat@gmail.com<\/a> et <a href=\"mailto:100pour1venaissin@gmail.com\" target=\"_blank\" rel=\"noopener\">100pour1venaissin@gmail.com<\/a><\/p>\n\n\n\n<p class=\"has-vivid-cyan-blue-color has-text-color has-link-color has-normal-font-size wp-elements-6 wp-block-paragraph\"><strong><a href=\"https:\/\/www.avignon-et-moi.fr\/evenement\/14511-fete-des-ami-es-du-monde-10-2026.html\">Lien vers le festival<\/a><\/strong><\/p>\n\n\n\n<p class=\"wp-block-paragraph\"><strong>Programme :<\/strong><\/p>\n\n\n\n<ul class=\"wp-block-list has-foreground-color has-text-color has-link-color has-normal-font-size wp-elements-7\">\n<li><strong>16h30<\/strong> : Go\u00fbter des enfants \u00a0<\/li>\n\n\n\n<li><strong>16h45<\/strong> : Conte musical dans l\u2019espace jardin<\/li>\n\n\n\n<li><strong>\u00c0 partir de 17H<\/strong> : Atelier d\u2019arts plastiques<\/li>\n\n\n\n<li><strong>17h15<\/strong> : <em>Dililm\u00e9 !<\/em> choeur de femmes<\/li>\n\n\n\n<li><strong>18h<\/strong> : <em>The Seven Rivers band<\/em><\/li>\n\n\n\n<li><strong>19h<\/strong> : Buffet partag\u00e9\u00a0<\/li>\n\n\n\n<li><strong>19h30<\/strong> : Initiation aux danses traditionnelles<\/li>\n\n\n\n<li><strong>De 20h \u00e0 22h<\/strong> : Baleti Vai, bal folk occitan<\/li>\n\n\n\n<li><\/li>\n<\/ul>\n\n\n\n<p class=\"has-foreground-color has-text-color has-link-color has-normal-font-size wp-elements-8 wp-block-paragraph\"><strong>Dans le cycle d&#8217;\u00e9v\u00e8nements &#8220;On l\u00e2che plus rien !&#8221; en partenariat avec Utopia, Youpi et Le Fenouil \u00e0 Vapeur.&nbsp;<\/strong><\/p>\n\n\n\n<hr class=\"wp-block-separator has-alpha-channel-opacity\"\/>\n\n\n\n<p class=\"has-foreground-color has-text-color has-link-color has-normal-font-size wp-elements-9 wp-block-paragraph\"><em>*<\/em><em>La guinguette de LaScierie sera ouverte pour vous proposer de quoi vous restaurer et boire en bio et local. Une adh\u00e9sion de&nbsp;0,50\u20ac&nbsp;est obligatoire afin de consommer.&nbsp;<\/em><\/p>\n\n\n\n<p class=\"has-primary-color has-text-color has-link-color has-normal-font-size wp-elements-10 wp-block-paragraph\"><em>*<\/em><em>Le tiers-lieu LaScierie est un espace safe &amp; LGBTQIA+ friendly :&nbsp;en venant \u00e0 cet \u00e9v\u00e9nement, je m&#8217;engage \u00e0 respecter le consentement des participant\u00b7e\u00b7s&nbsp;et \u00e0 ne pas avoir de comportement discriminant.<\/em><\/p>\n\n\n\n<p class=\"wp-block-paragraph\"><\/p>\n\n\n\n<p class=\"has-foreground-color has-text-color has-link-color has-normal-font-size wp-elements-11 wp-block-paragraph\"><em><strong>Merci de nous indiquer rapidement si vous\u00a0seriez volontaires pour aider \u00e0 la pr\u00e9paration \/ mise en place de notre f\u00eate du 3 octobre?<\/strong><\/em><\/p>\n\n\n\n<p class=\"wp-block-paragraph\"><\/p>\n","protected":false},"excerpt":{"rendered":"<p>10 ans d\u00e9j\u00e0 ! Le Samedi 3 octobre 2026 \u00e0 La Scierie\u00a0(Salle Le Hangar), 15 bd du quai Saint Lazare 84000 Avignon Entr\u00e9e Libre, SVP se garer au parking des [&hellip;]<\/p>\n","protected":false},"author":2,"featured_media":7547,"comment_status":"open","ping_status":"open","sticky":false,"template":"","format":"standard","meta":{"_price":"","_stock":"","_tribe_ticket_header":"","_tribe_default_ticket_provider":"","_tribe_ticket_capacity":"0","_ticket_start_date":"","_ticket_end_date":"","_tribe_ticket_show_description":"","_tribe_ticket_show_not_going":false,"_tribe_ticket_use_global_stock":"","_tribe_ticket_global_stock_level":"","_global_stock_mode":"","_global_stock_cap":"","_tribe_rsvp_for_event":"","_tribe_ticket_going_count":"","_tribe_ticket_not_going_count":"","_tribe_tickets_list":"[]","_tribe_ticket_has_attendee_info_fields":false,"_EventAllDay":false,"_EventTimezone":"","_EventStartDate":"","_EventEndDate":"","_EventStartDateUTC":"","_EventEndDateUTC":"","_EventShowMap":false,"_EventShowMapLink":false,"_EventURL":"","_EventCost":"","_EventCostDescription":"","_EventCurrencySymbol":"","_EventCurrencyCode":"","_EventCurrencyPosition":"","_EventDateTimeSeparator":"","_EventTimeRangeSeparator":"","_EventOrganizerID":[],"_EventVenueID":[],"_OrganizerEmail":"","_OrganizerPhone":"","_OrganizerWebsite":"","_VenueAddress":"","_VenueCity":"","_VenueCountry":"","_VenueProvince":"","_VenueState":"","_VenueZip":"","_VenuePhone":"","_VenueURL":"","_VenueStateProvince":"","_VenueLat":"","_VenueLng":"","_VenueShowMap":false,"_VenueShowMapLink":false,"_jetpack_newsletter_access":"","_jetpack_dont_email_post_to_subs":false,"_jetpack_newsletter_tier_id":0,"_jetpack_memberships_contains_paywalled_content":false,"_jetpack_feature_clip_id":0,"_jetpack_memberships_contains_paid_content":false,"footnotes":"","jetpack_post_was_ever_published":false},"categories":[1],"tags":[931,927,928,818,930,929],"class_list":["post-7544","post","type-post","status-publish","format-standard","has-post-thumbnail","hentry","category-non-classe","tag-100-pour-1","tag-fete-des-amis-du-monde","tag-migration","tag-refugies","tag-refugies-comtat","tag-scierie"],"yoast_head":"<!-- This site is optimized with the Yoast SEO plugin v28.4 - https:\/\/yoast.com\/product\/yoast-seo-wordpress\/ -->\n<title>F\u00caTE\u00a0des\u00a0AMI.E.Sdu\u00a0MONDE - Collectifs pour l&#039;accueil des r\u00e9fugi\u00e9s en dr\u00f4me et vaucluse<\/title>\n<meta name=\"robots\" content=\"index, follow, max-snippet:-1, max-image-preview:large, max-video-preview:-1\" \/>\n<link rel=\"canonical\" href=\"https:\/\/www.collectifsrefugiesdromevaucluse.fr\/index.php\/2026\/09\/01\/fete-des-ami-e-sdu-monde\/\" \/>\n<meta property=\"og:locale\" content=\"fr_FR\" \/>\n<meta property=\"og:type\" content=\"article\" \/>\n<meta property=\"og:title\" content=\"F\u00caTE\u00a0des\u00a0AMI.E.Sdu\u00a0MONDE - Collectifs pour l&#039;accueil des r\u00e9fugi\u00e9s en dr\u00f4me et vaucluse\" \/>\n<meta property=\"og:description\" content=\"10 ans d\u00e9j\u00e0 ! Le Samedi 3 octobre 2026 \u00e0 La Scierie\u00a0(Salle Le Hangar), 15 bd du quai Saint Lazare 84000 Avignon Entr\u00e9e Libre, SVP se garer au parking des [&hellip;]\" \/>\n<meta property=\"og:url\" content=\"https:\/\/www.collectifsrefugiesdromevaucluse.fr\/index.php\/2026\/09\/01\/fete-des-ami-e-sdu-monde\/\" \/>\n<meta property=\"og:site_name\" content=\"Collectifs pour l&#039;accueil des r\u00e9fugi\u00e9s en dr\u00f4me et vaucluse\" \/>\n<meta property=\"article:published_time\" content=\"2026-09-01T20:12:29+00:00\" \/>\n<meta property=\"article:modified_time\" content=\"2026-09-01T20:12:31+00:00\" \/>\n<meta property=\"og:image\" content=\"https:\/\/www.collectifsrefugiesdromevaucluse.fr\/wp-content\/uploads\/2026\/09\/FETE-10-ans-deja-affiche.jpg\" \/>\n\t<meta property=\"og:image:width\" content=\"1813\" \/>\n\t<meta property=\"og:image:height\" content=\"2540\" \/>\n\t<meta property=\"og:image:type\" content=\"image\/jpeg\" \/>\n<meta name=\"author\" content=\"Michel LEONARD\" \/>\n<meta name=\"twitter:card\" content=\"summary_large_image\" \/>\n<meta name=\"twitter:label1\" content=\"\u00c9crit par\" \/>\n\t<meta name=\"twitter:data1\" content=\"Michel LEONARD\" \/>\n\t<meta name=\"twitter:label2\" content=\"Dur\u00e9e de lecture estim\u00e9e\" \/>\n\t<meta name=\"twitter:data2\" content=\"2 minutes\" \/>\n<script type=\"application\/ld+json\" class=\"yoast-schema-graph\">{\"@context\":\"https:\\\/\\\/schema.org\",\"@graph\":[{\"@type\":\"Article\",\"@id\":\"https:\\\/\\\/www.collectifsrefugiesdromevaucluse.fr\\\/index.php\\\/2026\\\/09\\\/01\\\/fete-des-ami-e-sdu-monde\\\/#article\",\"isPartOf\":{\"@id\":\"https:\\\/\\\/www.collectifsrefugiesdromevaucluse.fr\\\/index.php\\\/2026\\\/09\\\/01\\\/fete-des-ami-e-sdu-monde\\\/\"},\"author\":{\"name\":\"Michel LEONARD\",\"@id\":\"https:\\\/\\\/www.collectifsrefugiesdromevaucluse.fr\\\/#\\\/schema\\\/person\\\/10d8793c44e59f526a5965eb4025b487\"},\"headline\":\"F\u00caTE\u00a0des\u00a0AMI.E.Sdu\u00a0MONDE\",\"datePublished\":\"2026-09-01T20:12:29+00:00\",\"dateModified\":\"2026-09-01T20:12:31+00:00\",\"mainEntityOfPage\":{\"@id\":\"https:\\\/\\\/www.collectifsrefugiesdromevaucluse.fr\\\/index.php\\\/2026\\\/09\\\/01\\\/fete-des-ami-e-sdu-monde\\\/\"},\"wordCount\":249,\"commentCount\":0,\"publisher\":{\"@id\":\"https:\\\/\\\/www.collectifsrefugiesdromevaucluse.fr\\\/#organization\"},\"image\":{\"@id\":\"https:\\\/\\\/www.collectifsrefugiesdromevaucluse.fr\\\/index.php\\\/2026\\\/09\\\/01\\\/fete-des-ami-e-sdu-monde\\\/#primaryimage\"},\"thumbnailUrl\":\"https:\\\/\\\/www.collectifsrefugiesdromevaucluse.fr\\\/wp-content\\\/uploads\\\/2026\\\/09\\\/FETE-10-ans-deja-affiche.jpg\",\"keywords\":[\"100 pour 1\",\"fete des amis du monde\",\"Migration\",\"R\u00e9fugi\u00e9s\",\"r\u00e9fugi\u00e9s comtat\",\"Scierie\"],\"inLanguage\":\"fr-FR\",\"potentialAction\":[{\"@type\":\"CommentAction\",\"name\":\"Comment\",\"target\":[\"https:\\\/\\\/www.collectifsrefugiesdromevaucluse.fr\\\/index.php\\\/2026\\\/09\\\/01\\\/fete-des-ami-e-sdu-monde\\\/#respond\"]}]},{\"@type\":\"WebPage\",\"@id\":\"https:\\\/\\\/www.collectifsrefugiesdromevaucluse.fr\\\/index.php\\\/2026\\\/09\\\/01\\\/fete-des-ami-e-sdu-monde\\\/\",\"url\":\"https:\\\/\\\/www.collectifsrefugiesdromevaucluse.fr\\\/index.php\\\/2026\\\/09\\\/01\\\/fete-des-ami-e-sdu-monde\\\/\",\"name\":\"F\u00caTE\u00a0des\u00a0AMI.E.Sdu\u00a0MONDE - Collectifs pour l&#039;accueil des r\u00e9fugi\u00e9s en dr\u00f4me et vaucluse\",\"isPartOf\":{\"@id\":\"https:\\\/\\\/www.collectifsrefugiesdromevaucluse.fr\\\/#website\"},\"primaryImageOfPage\":{\"@id\":\"https:\\\/\\\/www.collectifsrefugiesdromevaucluse.fr\\\/index.php\\\/2026\\\/09\\\/01\\\/fete-des-ami-e-sdu-monde\\\/#primaryimage\"},\"image\":{\"@id\":\"https:\\\/\\\/www.collectifsrefugiesdromevaucluse.fr\\\/index.php\\\/2026\\\/09\\\/01\\\/fete-des-ami-e-sdu-monde\\\/#primaryimage\"},\"thumbnailUrl\":\"https:\\\/\\\/www.collectifsrefugiesdromevaucluse.fr\\\/wp-content\\\/uploads\\\/2026\\\/09\\\/FETE-10-ans-deja-affiche.jpg\",\"datePublished\":\"2026-09-01T20:12:29+00:00\",\"dateModified\":\"2026-09-01T20:12:31+00:00\",\"breadcrumb\":{\"@id\":\"https:\\\/\\\/www.collectifsrefugiesdromevaucluse.fr\\\/index.php\\\/2026\\\/09\\\/01\\\/fete-des-ami-e-sdu-monde\\\/#breadcrumb\"},\"inLanguage\":\"fr-FR\",\"potentialAction\":[{\"@type\":\"ReadAction\",\"target\":[\"https:\\\/\\\/www.collectifsrefugiesdromevaucluse.fr\\\/index.php\\\/2026\\\/09\\\/01\\\/fete-des-ami-e-sdu-monde\\\/\"]}]},{\"@type\":\"ImageObject\",\"inLanguage\":\"fr-FR\",\"@id\":\"https:\\\/\\\/www.collectifsrefugiesdromevaucluse.fr\\\/index.php\\\/2026\\\/09\\\/01\\\/fete-des-ami-e-sdu-monde\\\/#primaryimage\",\"url\":\"https:\\\/\\\/www.collectifsrefugiesdromevaucluse.fr\\\/wp-content\\\/uploads\\\/2026\\\/09\\\/FETE-10-ans-deja-affiche.jpg\",\"contentUrl\":\"https:\\\/\\\/www.collectifsrefugiesdromevaucluse.fr\\\/wp-content\\\/uploads\\\/2026\\\/09\\\/FETE-10-ans-deja-affiche.jpg\",\"width\":1813,\"height\":2540},{\"@type\":\"BreadcrumbList\",\"@id\":\"https:\\\/\\\/www.collectifsrefugiesdromevaucluse.fr\\\/index.php\\\/2026\\\/09\\\/01\\\/fete-des-ami-e-sdu-monde\\\/#breadcrumb\",\"itemListElement\":[{\"@type\":\"ListItem\",\"position\":1,\"name\":\"Accueil\",\"item\":\"https:\\\/\\\/www.collectifsrefugiesdromevaucluse.fr\\\/\"},{\"@type\":\"ListItem\",\"position\":2,\"name\":\"F\u00caTE\u00a0des\u00a0AMI.E.Sdu\u00a0MONDE\"}]},{\"@type\":\"WebSite\",\"@id\":\"https:\\\/\\\/www.collectifsrefugiesdromevaucluse.fr\\\/#website\",\"url\":\"https:\\\/\\\/www.collectifsrefugiesdromevaucluse.fr\\\/\",\"name\":\"Collectifs pour l'accueil des r\u00e9fugi\u00e9s en dr\u00f4me et vaucluse\",\"description\":\"L&#039;accueil des r\u00e9fugi\u00e9s en Dr\u00f4me et Vaucluse\",\"publisher\":{\"@id\":\"https:\\\/\\\/www.collectifsrefugiesdromevaucluse.fr\\\/#organization\"},\"potentialAction\":[{\"@type\":\"SearchAction\",\"target\":{\"@type\":\"EntryPoint\",\"urlTemplate\":\"https:\\\/\\\/www.collectifsrefugiesdromevaucluse.fr\\\/?s={search_term_string}\"},\"query-input\":{\"@type\":\"PropertyValueSpecification\",\"valueRequired\":true,\"valueName\":\"search_term_string\"}}],\"inLanguage\":\"fr-FR\"},{\"@type\":\"Organization\",\"@id\":\"https:\\\/\\\/www.collectifsrefugiesdromevaucluse.fr\\\/#organization\",\"name\":\"Collectifs pour l'accueil des r\u00e9fugi\u00e9s en dr\u00f4me et vaucluse\",\"url\":\"https:\\\/\\\/www.collectifsrefugiesdromevaucluse.fr\\\/\",\"logo\":{\"@type\":\"ImageObject\",\"inLanguage\":\"fr-FR\",\"@id\":\"https:\\\/\\\/www.collectifsrefugiesdromevaucluse.fr\\\/#\\\/schema\\\/logo\\\/image\\\/\",\"url\":\"https:\\\/\\\/www.collectifsrefugiesdromevaucluse.fr\\\/wp-content\\\/uploads\\\/2026\\\/02\\\/Logo-MP-e1781887450619.png\",\"contentUrl\":\"https:\\\/\\\/www.collectifsrefugiesdromevaucluse.fr\\\/wp-content\\\/uploads\\\/2026\\\/02\\\/Logo-MP-e1781887450619.png\",\"width\":300,\"height\":275,\"caption\":\"Collectifs pour l'accueil des r\u00e9fugi\u00e9s en dr\u00f4me et vaucluse\"},\"image\":{\"@id\":\"https:\\\/\\\/www.collectifsrefugiesdromevaucluse.fr\\\/#\\\/schema\\\/logo\\\/image\\\/\"}},{\"@type\":\"Person\",\"@id\":\"https:\\\/\\\/www.collectifsrefugiesdromevaucluse.fr\\\/#\\\/schema\\\/person\\\/10d8793c44e59f526a5965eb4025b487\",\"name\":\"Michel LEONARD\",\"image\":{\"@type\":\"ImageObject\",\"inLanguage\":\"fr-FR\",\"@id\":\"https:\\\/\\\/secure.gravatar.com\\\/avatar\\\/cee8ea81964678675cf44b8ef95fd59c406ceef67cc52e82b49e07c1e773ab27?s=96&d=mm&r=g\",\"url\":\"https:\\\/\\\/secure.gravatar.com\\\/avatar\\\/cee8ea81964678675cf44b8ef95fd59c406ceef67cc52e82b49e07c1e773ab27?s=96&d=mm&r=g\",\"contentUrl\":\"https:\\\/\\\/secure.gravatar.com\\\/avatar\\\/cee8ea81964678675cf44b8ef95fd59c406ceef67cc52e82b49e07c1e773ab27?s=96&d=mm&r=g\",\"caption\":\"Michel LEONARD\"},\"sameAs\":[\"https:\\\/\\\/collectifsrefugiesdromevaucluse.fr\"],\"url\":\"https:\\\/\\\/www.collectifsrefugiesdromevaucluse.fr\\\/index.php\\\/author\\\/collectifs-refugies-26-84\\\/\"}]}<\/script>\n<!-- \/ Yoast SEO plugin. -->","yoast_head_json":{"title":"F\u00caTE\u00a0des\u00a0AMI.E.Sdu\u00a0MONDE - Collectifs pour l&#039;accueil des r\u00e9fugi\u00e9s en dr\u00f4me et vaucluse","robots":{"index":"index","follow":"follow","max-snippet":"max-snippet:-1","max-image-preview":"max-image-preview:large","max-video-preview":"max-video-preview:-1"},"canonical":"https:\/\/www.collectifsrefugiesdromevaucluse.fr\/index.php\/2026\/09\/01\/fete-des-ami-e-sdu-monde\/","og_locale":"fr_FR","og_type":"article","og_title":"F\u00caTE\u00a0des\u00a0AMI.E.Sdu\u00a0MONDE - Collectifs pour l&#039;accueil des r\u00e9fugi\u00e9s en dr\u00f4me et vaucluse","og_description":"10 ans d\u00e9j\u00e0 ! Le Samedi 3 octobre 2026 \u00e0 La Scierie\u00a0(Salle Le Hangar), 15 bd du quai Saint Lazare 84000 Avignon Entr\u00e9e Libre, SVP se garer au parking des [&hellip;]","og_url":"https:\/\/www.collectifsrefugiesdromevaucluse.fr\/index.php\/2026\/09\/01\/fete-des-ami-e-sdu-monde\/","og_site_name":"Collectifs pour l&#039;accueil des r\u00e9fugi\u00e9s en dr\u00f4me et vaucluse","article_published_time":"2026-09-01T20:12:29+00:00","article_modified_time":"2026-09-01T20:12:31+00:00","og_image":[{"width":1813,"height":2540,"url":"https:\/\/www.collectifsrefugiesdromevaucluse.fr\/wp-content\/uploads\/2026\/09\/FETE-10-ans-deja-affiche.jpg","type":"image\/jpeg"}],"author":"Michel LEONARD","twitter_card":"summary_large_image","twitter_misc":{"\u00c9crit par":"Michel LEONARD","Dur\u00e9e de lecture estim\u00e9e":"2 minutes"},"schema":{"@context":"https:\/\/schema.org","@graph":[{"@type":"Article","@id":"https:\/\/www.collectifsrefugiesdromevaucluse.fr\/index.php\/2026\/09\/01\/fete-des-ami-e-sdu-monde\/#article","isPartOf":{"@id":"https:\/\/www.collectifsrefugiesdromevaucluse.fr\/index.php\/2026\/09\/01\/fete-des-ami-e-sdu-monde\/"},"author":{"name":"Michel LEONARD","@id":"https:\/\/www.collectifsrefugiesdromevaucluse.fr\/#\/schema\/person\/10d8793c44e59f526a5965eb4025b487"},"headline":"F\u00caTE\u00a0des\u00a0AMI.E.Sdu\u00a0MONDE","datePublished":"2026-09-01T20:12:29+00:00","dateModified":"2026-09-01T20:12:31+00:00","mainEntityOfPage":{"@id":"https:\/\/www.collectifsrefugiesdromevaucluse.fr\/index.php\/2026\/09\/01\/fete-des-ami-e-sdu-monde\/"},"wordCount":249,"commentCount":0,"publisher":{"@id":"https:\/\/www.collectifsrefugiesdromevaucluse.fr\/#organization"},"image":{"@id":"https:\/\/www.collectifsrefugiesdromevaucluse.fr\/index.php\/2026\/09\/01\/fete-des-ami-e-sdu-monde\/#primaryimage"},"thumbnailUrl":"https:\/\/www.collectifsrefugiesdromevaucluse.fr\/wp-content\/uploads\/2026\/09\/FETE-10-ans-deja-affiche.jpg","keywords":["100 pour 1","fete des amis du monde","Migration","R\u00e9fugi\u00e9s","r\u00e9fugi\u00e9s comtat","Scierie"],"inLanguage":"fr-FR","potentialAction":[{"@type":"CommentAction","name":"Comment","target":["https:\/\/www.collectifsrefugiesdromevaucluse.fr\/index.php\/2026\/09\/01\/fete-des-ami-e-sdu-monde\/#respond"]}]},{"@type":"WebPage","@id":"https:\/\/www.collectifsrefugiesdromevaucluse.fr\/index.php\/2026\/09\/01\/fete-des-ami-e-sdu-monde\/","url":"https:\/\/www.collectifsrefugiesdromevaucluse.fr\/index.php\/2026\/09\/01\/fete-des-ami-e-sdu-monde\/","name":"F\u00caTE\u00a0des\u00a0AMI.E.Sdu\u00a0MONDE - Collectifs pour l&#039;accueil des r\u00e9fugi\u00e9s en dr\u00f4me et vaucluse","isPartOf":{"@id":"https:\/\/www.collectifsrefugiesdromevaucluse.fr\/#website"},"primaryImageOfPage":{"@id":"https:\/\/www.collectifsrefugiesdromevaucluse.fr\/index.php\/2026\/09\/01\/fete-des-ami-e-sdu-monde\/#primaryimage"},"image":{"@id":"https:\/\/www.collectifsrefugiesdromevaucluse.fr\/index.php\/2026\/09\/01\/fete-des-ami-e-sdu-monde\/#primaryimage"},"thumbnailUrl":"https:\/\/www.collectifsrefugiesdromevaucluse.fr\/wp-content\/uploads\/2026\/09\/FETE-10-ans-deja-affiche.jpg","datePublished":"2026-09-01T20:12:29+00:00","dateModified":"2026-09-01T20:12:31+00:00","breadcrumb":{"@id":"https:\/\/www.collectifsrefugiesdromevaucluse.fr\/index.php\/2026\/09\/01\/fete-des-ami-e-sdu-monde\/#breadcrumb"},"inLanguage":"fr-FR","potentialAction":[{"@type":"ReadAction","target":["https:\/\/www.collectifsrefugiesdromevaucluse.fr\/index.php\/2026\/09\/01\/fete-des-ami-e-sdu-monde\/"]}]},{"@type":"ImageObject","inLanguage":"fr-FR","@id":"https:\/\/www.collectifsrefugiesdromevaucluse.fr\/index.php\/2026\/09\/01\/fete-des-ami-e-sdu-monde\/#primaryimage","url":"https:\/\/www.collectifsrefugiesdromevaucluse.fr\/wp-content\/uploads\/2026\/09\/FETE-10-ans-deja-affiche.jpg","contentUrl":"https:\/\/www.collectifsrefugiesdromevaucluse.fr\/wp-content\/uploads\/2026\/09\/FETE-10-ans-deja-affiche.jpg","width":1813,"height":2540},{"@type":"BreadcrumbList","@id":"https:\/\/www.collectifsrefugiesdromevaucluse.fr\/index.php\/2026\/09\/01\/fete-des-ami-e-sdu-monde\/#breadcrumb","itemListElement":[{"@type":"ListItem","position":1,"name":"Accueil","item":"https:\/\/www.collectifsrefugiesdromevaucluse.fr\/"},{"@type":"ListItem","position":2,"name":"F\u00caTE\u00a0des\u00a0AMI.E.Sdu\u00a0MONDE"}]},{"@type":"WebSite","@id":"https:\/\/www.collectifsrefugiesdromevaucluse.fr\/#website","url":"https:\/\/www.collectifsrefugiesdromevaucluse.fr\/","name":"Collectifs pour l'accueil des r\u00e9fugi\u00e9s en dr\u00f4me et vaucluse","description":"L&#039;accueil des r\u00e9fugi\u00e9s en Dr\u00f4me et Vaucluse","publisher":{"@id":"https:\/\/www.collectifsrefugiesdromevaucluse.fr\/#organization"},"potentialAction":[{"@type":"SearchAction","target":{"@type":"EntryPoint","urlTemplate":"https:\/\/www.collectifsrefugiesdromevaucluse.fr\/?s={search_term_string}"},"query-input":{"@type":"PropertyValueSpecification","valueRequired":true,"valueName":"search_term_string"}}],"inLanguage":"fr-FR"},{"@type":"Organization","@id":"https:\/\/www.collectifsrefugiesdromevaucluse.fr\/#organization","name":"Collectifs pour l'accueil des r\u00e9fugi\u00e9s en dr\u00f4me et vaucluse","url":"https:\/\/www.collectifsrefugiesdromevaucluse.fr\/","logo":{"@type":"ImageObject","inLanguage":"fr-FR","@id":"https:\/\/www.collectifsrefugiesdromevaucluse.fr\/#\/schema\/logo\/image\/","url":"https:\/\/www.collectifsrefugiesdromevaucluse.fr\/wp-content\/uploads\/2026\/02\/Logo-MP-e1781887450619.png","contentUrl":"https:\/\/www.collectifsrefugiesdromevaucluse.fr\/wp-content\/uploads\/2026\/02\/Logo-MP-e1781887450619.png","width":300,"height":275,"caption":"Collectifs pour l'accueil des r\u00e9fugi\u00e9s en dr\u00f4me et vaucluse"},"image":{"@id":"https:\/\/www.collectifsrefugiesdromevaucluse.fr\/#\/schema\/logo\/image\/"}},{"@type":"Person","@id":"https:\/\/www.collectifsrefugiesdromevaucluse.fr\/#\/schema\/person\/10d8793c44e59f526a5965eb4025b487","name":"Michel LEONARD","image":{"@type":"ImageObject","inLanguage":"fr-FR","@id":"https:\/\/secure.gravatar.com\/avatar\/cee8ea81964678675cf44b8ef95fd59c406ceef67cc52e82b49e07c1e773ab27?s=96&d=mm&r=g","url":"https:\/\/secure.gravatar.com\/avatar\/cee8ea81964678675cf44b8ef95fd59c406ceef67cc52e82b49e07c1e773ab27?s=96&d=mm&r=g","contentUrl":"https:\/\/secure.gravatar.com\/avatar\/cee8ea81964678675cf44b8ef95fd59c406ceef67cc52e82b49e07c1e773ab27?s=96&d=mm&r=g","caption":"Michel LEONARD"},"sameAs":["https:\/\/collectifsrefugiesdromevaucluse.fr"],"url":"https:\/\/www.collectifsrefugiesdromevaucluse.fr\/index.php\/author\/collectifs-refugies-26-84\/"}]}},"jetpack_sharing_enabled":true,"jetpack_featured_media_url":"https:\/\/www.collectifsrefugiesdromevaucluse.fr\/wp-content\/uploads\/2026\/09\/FETE-10-ans-deja-affiche.jpg","_links":{"self":[{"href":"https:\/\/www.collectifsrefugiesdromevaucluse.fr\/index.php\/wp-json\/wp\/v2\/posts\/7544","targetHints":{"allow":["GET"]}}],"collection":[{"href":"https:\/\/www.collectifsrefugiesdromevaucluse.fr\/index.php\/wp-json\/wp\/v2\/posts"}],"about":[{"href":"https:\/\/www.collectifsrefugiesdromevaucluse.fr\/index.php\/wp-json\/wp\/v2\/types\/post"}],"author":[{"embeddable":true,"href":"https:\/\/www.collectifsrefugiesdromevaucluse.fr\/index.php\/wp-json\/wp\/v2\/users\/2"}],"replies":[{"embeddable":true,"href":"https:\/\/www.collectifsrefugiesdromevaucluse.fr\/index.php\/wp-json\/wp\/v2\/comments?post=7544"}],"version-history":[{"count":2,"href":"https:\/\/www.collectifsrefugiesdromevaucluse.fr\/index.php\/wp-json\/wp\/v2\/posts\/7544\/revisions"}],"predecessor-version":[{"id":7548,"href":"https:\/\/www.collectifsrefugiesdromevaucluse.fr\/index.php\/wp-json\/wp\/v2\/posts\/7544\/revisions\/7548"}],"wp:featuredmedia":[{"embeddable":true,"href":"https:\/\/www.collectifsrefugiesdromevaucluse.fr\/index.php\/wp-json\/wp\/v2\/media\/7547"}],"wp:attachment":[{"href":"https:\/\/www.collectifsrefugiesdromevaucluse.fr\/index.php\/wp-json\/wp\/v2\/media?parent=7544"}],"wp:term":[{"taxonomy":"category","embeddable":true,"href":"https:\/\/www.collectifsrefugiesdromevaucluse.fr\/index.php\/wp-json\/wp\/v2\/categories?post=7544"},{"taxonomy":"post_tag","embeddable":true,"href":"https:\/\/www.collectifsrefugiesdromevaucluse.fr\/index.php\/wp-json\/wp\/v2\/tags?post=7544"}],"curies":[{"name":"wp","href":"https:\/\/api.w.org\/{rel}","templated":true}]}}