{"id":7541,"date":"2026-09-01T21:45:46","date_gmt":"2026-09-01T19:45:46","guid":{"rendered":"https:\/\/www.collectifsrefugiesdromevaucluse.fr\/?p=7541"},"modified":"2026-09-01T21:45:49","modified_gmt":"2026-09-01T19:45:49","slug":"passerelle-organise-son-festival-du-18-au-20-septembre-prochains","status":"publish","type":"post","link":"https:\/\/www.collectifsrefugiesdromevaucluse.fr\/index.php\/2026\/09\/01\/passerelle-organise-son-festival-du-18-au-20-septembre-prochains\/","title":{"rendered":"Passerelle organise son festival du 18 au 20 septembre prochains"},"content":{"rendered":"\n<p class=\"has-foreground-color has-text-color has-link-color wp-elements-1 wp-block-paragraph\">Le festival Les murs ne servent \u00e0 rien, 3 jours pour penser les migrations. <\/p>\n\n\n\n<h3 class=\"wp-block-heading has-vivid-red-color has-text-color has-link-color wp-elements-2\"><strong>Documentaires \u2013 Lectures \u2013 Conf\u00e9rences \u2013 Expositions<\/strong><\/h3>\n\n\n\n<h5 class=\"wp-block-heading has-foreground-color has-text-color has-link-color wp-elements-3\">&nbsp;Plus de 800 festivaliers, 90 b\u00e9n\u00e9voles, 8 films, des lectures, des conf\u00e9rences, des expositions\u2026<\/h5>\n\n\n\n<p class=\"has-text-align-center has-normal-font-size wp-block-paragraph\"><strong><a href=\"https:\/\/www.passerellesasso.fr\/festival-migrations-les-murs-ne-servent-a-rien\/\" type=\"link\" id=\"https:\/\/www.passerellesasso.fr\/festival-migrations-les-murs-ne-servent-a-rien\/\">Lien vers le site du festival<\/a><\/strong><\/p>\n\n\n\n<p class=\"wp-block-paragraph\"><\/p>\n","protected":false},"excerpt":{"rendered":"<p>Le festival Les murs ne servent \u00e0 rien, 3 jours pour penser les migrations. Documentaires \u2013 Lectures \u2013 Conf\u00e9rences \u2013 Expositions &nbsp;Plus de 800 festivaliers, 90 b\u00e9n\u00e9voles, 8 films, des [&hellip;]<\/p>\n","protected":false},"author":2,"featured_media":7542,"comment_status":"open","ping_status":"open","sticky":false,"template":"","format":"standard","meta":{"_price":"","_stock":"","_tribe_ticket_header":"","_tribe_default_ticket_provider":"","_tribe_ticket_capacity":"0","_ticket_start_date":"","_ticket_end_date":"","_tribe_ticket_show_description":"","_tribe_ticket_show_not_going":false,"_tribe_ticket_use_global_stock":"","_tribe_ticket_global_stock_level":"","_global_stock_mode":"","_global_stock_cap":"","_tribe_rsvp_for_event":"","_tribe_ticket_going_count":"","_tribe_ticket_not_going_count":"","_tribe_tickets_list":"[]","_tribe_ticket_has_attendee_info_fields":false,"_EventAllDay":false,"_EventTimezone":"","_EventStartDate":"","_EventEndDate":"","_EventStartDateUTC":"","_EventEndDateUTC":"","_EventShowMap":false,"_EventShowMapLink":false,"_EventURL":"","_EventCost":"","_EventCostDescription":"","_EventCurrencySymbol":"","_EventCurrencyCode":"","_EventCurrencyPosition":"","_EventDateTimeSeparator":"","_EventTimeRangeSeparator":"","_EventOrganizerID":[],"_EventVenueID":[],"_OrganizerEmail":"","_OrganizerPhone":"","_OrganizerWebsite":"","_VenueAddress":"","_VenueCity":"","_VenueCountry":"","_VenueProvince":"","_VenueState":"","_VenueZip":"","_VenuePhone":"","_VenueURL":"","_VenueStateProvince":"","_VenueLat":"","_VenueLng":"","_VenueShowMap":false,"_VenueShowMapLink":false,"_jetpack_newsletter_access":"","_jetpack_dont_email_post_to_subs":false,"_jetpack_newsletter_tier_id":0,"_jetpack_memberships_contains_paywalled_content":false,"_jetpack_feature_clip_id":0,"_jetpack_memberships_contains_paid_content":false,"footnotes":"","jetpack_post_was_ever_published":false},"categories":[1],"tags":[818],"class_list":["post-7541","post","type-post","status-publish","format-standard","has-post-thumbnail","hentry","category-non-classe","tag-refugies"],"yoast_head":"<!-- This site is optimized with the Yoast SEO plugin v28.4 - https:\/\/yoast.com\/product\/yoast-seo-wordpress\/ -->\n<title>Passerelle organise son festival du 18 au 20 septembre prochains - Collectifs pour l&#039;accueil des r\u00e9fugi\u00e9s en dr\u00f4me et vaucluse<\/title>\n<meta name=\"robots\" content=\"index, follow, max-snippet:-1, max-image-preview:large, max-video-preview:-1\" \/>\n<link rel=\"canonical\" href=\"https:\/\/www.collectifsrefugiesdromevaucluse.fr\/index.php\/2026\/09\/01\/passerelle-organise-son-festival-du-18-au-20-septembre-prochains\/\" \/>\n<meta property=\"og:locale\" content=\"fr_FR\" \/>\n<meta property=\"og:type\" content=\"article\" \/>\n<meta property=\"og:title\" content=\"Passerelle organise son festival du 18 au 20 septembre prochains - Collectifs pour l&#039;accueil des r\u00e9fugi\u00e9s en dr\u00f4me et vaucluse\" \/>\n<meta property=\"og:description\" content=\"Le festival Les murs ne servent \u00e0 rien, 3 jours pour penser les migrations. Documentaires \u2013 Lectures \u2013 Conf\u00e9rences \u2013 Expositions &nbsp;Plus de 800 festivaliers, 90 b\u00e9n\u00e9voles, 8 films, des [&hellip;]\" \/>\n<meta property=\"og:url\" content=\"https:\/\/www.collectifsrefugiesdromevaucluse.fr\/index.php\/2026\/09\/01\/passerelle-organise-son-festival-du-18-au-20-septembre-prochains\/\" \/>\n<meta property=\"og:site_name\" content=\"Collectifs pour l&#039;accueil des r\u00e9fugi\u00e9s en dr\u00f4me et vaucluse\" \/>\n<meta property=\"article:published_time\" content=\"2026-09-01T19:45:46+00:00\" \/>\n<meta property=\"article:modified_time\" content=\"2026-09-01T19:45:49+00:00\" \/>\n<meta property=\"og:image\" content=\"https:\/\/www.collectifsrefugiesdromevaucluse.fr\/wp-content\/uploads\/2026\/09\/les-murs-ne-servent.-passerelle-2026.jpg\" \/>\n\t<meta property=\"og:image:width\" content=\"885\" \/>\n\t<meta property=\"og:image:height\" content=\"1228\" \/>\n\t<meta property=\"og:image:type\" content=\"image\/jpeg\" \/>\n<meta name=\"author\" content=\"Michel LEONARD\" \/>\n<meta name=\"twitter:card\" content=\"summary_large_image\" \/>\n<meta name=\"twitter:label1\" content=\"\u00c9crit par\" \/>\n\t<meta name=\"twitter:data1\" content=\"Michel LEONARD\" \/>\n\t<meta name=\"twitter:label2\" content=\"Dur\u00e9e de lecture estim\u00e9e\" \/>\n\t<meta name=\"twitter:data2\" content=\"1 minute\" \/>\n<script type=\"application\/ld+json\" class=\"yoast-schema-graph\">{\"@context\":\"https:\\\/\\\/schema.org\",\"@graph\":[{\"@type\":\"Article\",\"@id\":\"https:\\\/\\\/www.collectifsrefugiesdromevaucluse.fr\\\/index.php\\\/2026\\\/09\\\/01\\\/passerelle-organise-son-festival-du-18-au-20-septembre-prochains\\\/#article\",\"isPartOf\":{\"@id\":\"https:\\\/\\\/www.collectifsrefugiesdromevaucluse.fr\\\/index.php\\\/2026\\\/09\\\/01\\\/passerelle-organise-son-festival-du-18-au-20-septembre-prochains\\\/\"},\"author\":{\"name\":\"Michel LEONARD\",\"@id\":\"https:\\\/\\\/www.collectifsrefugiesdromevaucluse.fr\\\/#\\\/schema\\\/person\\\/10d8793c44e59f526a5965eb4025b487\"},\"headline\":\"Passerelle organise son festival du 18 au 20 septembre prochains\",\"datePublished\":\"2026-09-01T19:45:46+00:00\",\"dateModified\":\"2026-09-01T19:45:49+00:00\",\"mainEntityOfPage\":{\"@id\":\"https:\\\/\\\/www.collectifsrefugiesdromevaucluse.fr\\\/index.php\\\/2026\\\/09\\\/01\\\/passerelle-organise-son-festival-du-18-au-20-septembre-prochains\\\/\"},\"wordCount\":46,\"commentCount\":0,\"publisher\":{\"@id\":\"https:\\\/\\\/www.collectifsrefugiesdromevaucluse.fr\\\/#organization\"},\"image\":{\"@id\":\"https:\\\/\\\/www.collectifsrefugiesdromevaucluse.fr\\\/index.php\\\/2026\\\/09\\\/01\\\/passerelle-organise-son-festival-du-18-au-20-septembre-prochains\\\/#primaryimage\"},\"thumbnailUrl\":\"https:\\\/\\\/www.collectifsrefugiesdromevaucluse.fr\\\/wp-content\\\/uploads\\\/2026\\\/09\\\/les-murs-ne-servent.-passerelle-2026.jpg\",\"keywords\":[\"R\u00e9fugi\u00e9s\"],\"inLanguage\":\"fr-FR\",\"potentialAction\":[{\"@type\":\"CommentAction\",\"name\":\"Comment\",\"target\":[\"https:\\\/\\\/www.collectifsrefugiesdromevaucluse.fr\\\/index.php\\\/2026\\\/09\\\/01\\\/passerelle-organise-son-festival-du-18-au-20-septembre-prochains\\\/#respond\"]}]},{\"@type\":\"WebPage\",\"@id\":\"https:\\\/\\\/www.collectifsrefugiesdromevaucluse.fr\\\/index.php\\\/2026\\\/09\\\/01\\\/passerelle-organise-son-festival-du-18-au-20-septembre-prochains\\\/\",\"url\":\"https:\\\/\\\/www.collectifsrefugiesdromevaucluse.fr\\\/index.php\\\/2026\\\/09\\\/01\\\/passerelle-organise-son-festival-du-18-au-20-septembre-prochains\\\/\",\"name\":\"Passerelle organise son festival du 18 au 20 septembre prochains - Collectifs pour l&#039;accueil des r\u00e9fugi\u00e9s en dr\u00f4me et vaucluse\",\"isPartOf\":{\"@id\":\"https:\\\/\\\/www.collectifsrefugiesdromevaucluse.fr\\\/#website\"},\"primaryImageOfPage\":{\"@id\":\"https:\\\/\\\/www.collectifsrefugiesdromevaucluse.fr\\\/index.php\\\/2026\\\/09\\\/01\\\/passerelle-organise-son-festival-du-18-au-20-septembre-prochains\\\/#primaryimage\"},\"image\":{\"@id\":\"https:\\\/\\\/www.collectifsrefugiesdromevaucluse.fr\\\/index.php\\\/2026\\\/09\\\/01\\\/passerelle-organise-son-festival-du-18-au-20-septembre-prochains\\\/#primaryimage\"},\"thumbnailUrl\":\"https:\\\/\\\/www.collectifsrefugiesdromevaucluse.fr\\\/wp-content\\\/uploads\\\/2026\\\/09\\\/les-murs-ne-servent.-passerelle-2026.jpg\",\"datePublished\":\"2026-09-01T19:45:46+00:00\",\"dateModified\":\"2026-09-01T19:45:49+00:00\",\"breadcrumb\":{\"@id\":\"https:\\\/\\\/www.collectifsrefugiesdromevaucluse.fr\\\/index.php\\\/2026\\\/09\\\/01\\\/passerelle-organise-son-festival-du-18-au-20-septembre-prochains\\\/#breadcrumb\"},\"inLanguage\":\"fr-FR\",\"potentialAction\":[{\"@type\":\"ReadAction\",\"target\":[\"https:\\\/\\\/www.collectifsrefugiesdromevaucluse.fr\\\/index.php\\\/2026\\\/09\\\/01\\\/passerelle-organise-son-festival-du-18-au-20-septembre-prochains\\\/\"]}]},{\"@type\":\"ImageObject\",\"inLanguage\":\"fr-FR\",\"@id\":\"https:\\\/\\\/www.collectifsrefugiesdromevaucluse.fr\\\/index.php\\\/2026\\\/09\\\/01\\\/passerelle-organise-son-festival-du-18-au-20-septembre-prochains\\\/#primaryimage\",\"url\":\"https:\\\/\\\/www.collectifsrefugiesdromevaucluse.fr\\\/wp-content\\\/uploads\\\/2026\\\/09\\\/les-murs-ne-servent.-passerelle-2026.jpg\",\"contentUrl\":\"https:\\\/\\\/www.collectifsrefugiesdromevaucluse.fr\\\/wp-content\\\/uploads\\\/2026\\\/09\\\/les-murs-ne-servent.-passerelle-2026.jpg\",\"width\":885,\"height\":1228},{\"@type\":\"BreadcrumbList\",\"@id\":\"https:\\\/\\\/www.collectifsrefugiesdromevaucluse.fr\\\/index.php\\\/2026\\\/09\\\/01\\\/passerelle-organise-son-festival-du-18-au-20-septembre-prochains\\\/#breadcrumb\",\"itemListElement\":[{\"@type\":\"ListItem\",\"position\":1,\"name\":\"Accueil\",\"item\":\"https:\\\/\\\/www.collectifsrefugiesdromevaucluse.fr\\\/\"},{\"@type\":\"ListItem\",\"position\":2,\"name\":\"Passerelle organise son festival du 18 au 20 septembre prochains\"}]},{\"@type\":\"WebSite\",\"@id\":\"https:\\\/\\\/www.collectifsrefugiesdromevaucluse.fr\\\/#website\",\"url\":\"https:\\\/\\\/www.collectifsrefugiesdromevaucluse.fr\\\/\",\"name\":\"Collectifs pour l'accueil des r\u00e9fugi\u00e9s en dr\u00f4me et vaucluse\",\"description\":\"L&#039;accueil des r\u00e9fugi\u00e9s en Dr\u00f4me et Vaucluse\",\"publisher\":{\"@id\":\"https:\\\/\\\/www.collectifsrefugiesdromevaucluse.fr\\\/#organization\"},\"potentialAction\":[{\"@type\":\"SearchAction\",\"target\":{\"@type\":\"EntryPoint\",\"urlTemplate\":\"https:\\\/\\\/www.collectifsrefugiesdromevaucluse.fr\\\/?s={search_term_string}\"},\"query-input\":{\"@type\":\"PropertyValueSpecification\",\"valueRequired\":true,\"valueName\":\"search_term_string\"}}],\"inLanguage\":\"fr-FR\"},{\"@type\":\"Organization\",\"@id\":\"https:\\\/\\\/www.collectifsrefugiesdromevaucluse.fr\\\/#organization\",\"name\":\"Collectifs pour l'accueil des r\u00e9fugi\u00e9s en dr\u00f4me et vaucluse\",\"url\":\"https:\\\/\\\/www.collectifsrefugiesdromevaucluse.fr\\\/\",\"logo\":{\"@type\":\"ImageObject\",\"inLanguage\":\"fr-FR\",\"@id\":\"https:\\\/\\\/www.collectifsrefugiesdromevaucluse.fr\\\/#\\\/schema\\\/logo\\\/image\\\/\",\"url\":\"https:\\\/\\\/www.collectifsrefugiesdromevaucluse.fr\\\/wp-content\\\/uploads\\\/2026\\\/02\\\/Logo-MP-e1781887450619.png\",\"contentUrl\":\"https:\\\/\\\/www.collectifsrefugiesdromevaucluse.fr\\\/wp-content\\\/uploads\\\/2026\\\/02\\\/Logo-MP-e1781887450619.png\",\"width\":300,\"height\":275,\"caption\":\"Collectifs pour l'accueil des r\u00e9fugi\u00e9s en dr\u00f4me et vaucluse\"},\"image\":{\"@id\":\"https:\\\/\\\/www.collectifsrefugiesdromevaucluse.fr\\\/#\\\/schema\\\/logo\\\/image\\\/\"}},{\"@type\":\"Person\",\"@id\":\"https:\\\/\\\/www.collectifsrefugiesdromevaucluse.fr\\\/#\\\/schema\\\/person\\\/10d8793c44e59f526a5965eb4025b487\",\"name\":\"Michel LEONARD\",\"image\":{\"@type\":\"ImageObject\",\"inLanguage\":\"fr-FR\",\"@id\":\"https:\\\/\\\/secure.gravatar.com\\\/avatar\\\/cee8ea81964678675cf44b8ef95fd59c406ceef67cc52e82b49e07c1e773ab27?s=96&d=mm&r=g\",\"url\":\"https:\\\/\\\/secure.gravatar.com\\\/avatar\\\/cee8ea81964678675cf44b8ef95fd59c406ceef67cc52e82b49e07c1e773ab27?s=96&d=mm&r=g\",\"contentUrl\":\"https:\\\/\\\/secure.gravatar.com\\\/avatar\\\/cee8ea81964678675cf44b8ef95fd59c406ceef67cc52e82b49e07c1e773ab27?s=96&d=mm&r=g\",\"caption\":\"Michel LEONARD\"},\"sameAs\":[\"https:\\\/\\\/collectifsrefugiesdromevaucluse.fr\"],\"url\":\"https:\\\/\\\/www.collectifsrefugiesdromevaucluse.fr\\\/index.php\\\/author\\\/collectifs-refugies-26-84\\\/\"}]}<\/script>\n<!-- \/ Yoast SEO plugin. -->","yoast_head_json":{"title":"Passerelle organise son festival du 18 au 20 septembre prochains - Collectifs pour l&#039;accueil des r\u00e9fugi\u00e9s en dr\u00f4me et vaucluse","robots":{"index":"index","follow":"follow","max-snippet":"max-snippet:-1","max-image-preview":"max-image-preview:large","max-video-preview":"max-video-preview:-1"},"canonical":"https:\/\/www.collectifsrefugiesdromevaucluse.fr\/index.php\/2026\/09\/01\/passerelle-organise-son-festival-du-18-au-20-septembre-prochains\/","og_locale":"fr_FR","og_type":"article","og_title":"Passerelle organise son festival du 18 au 20 septembre prochains - Collectifs pour l&#039;accueil des r\u00e9fugi\u00e9s en dr\u00f4me et vaucluse","og_description":"Le festival Les murs ne servent \u00e0 rien, 3 jours pour penser les migrations. Documentaires \u2013 Lectures \u2013 Conf\u00e9rences \u2013 Expositions &nbsp;Plus de 800 festivaliers, 90 b\u00e9n\u00e9voles, 8 films, des [&hellip;]","og_url":"https:\/\/www.collectifsrefugiesdromevaucluse.fr\/index.php\/2026\/09\/01\/passerelle-organise-son-festival-du-18-au-20-septembre-prochains\/","og_site_name":"Collectifs pour l&#039;accueil des r\u00e9fugi\u00e9s en dr\u00f4me et vaucluse","article_published_time":"2026-09-01T19:45:46+00:00","article_modified_time":"2026-09-01T19:45:49+00:00","og_image":[{"width":885,"height":1228,"url":"https:\/\/www.collectifsrefugiesdromevaucluse.fr\/wp-content\/uploads\/2026\/09\/les-murs-ne-servent.-passerelle-2026.jpg","type":"image\/jpeg"}],"author":"Michel LEONARD","twitter_card":"summary_large_image","twitter_misc":{"\u00c9crit par":"Michel LEONARD","Dur\u00e9e de lecture estim\u00e9e":"1 minute"},"schema":{"@context":"https:\/\/schema.org","@graph":[{"@type":"Article","@id":"https:\/\/www.collectifsrefugiesdromevaucluse.fr\/index.php\/2026\/09\/01\/passerelle-organise-son-festival-du-18-au-20-septembre-prochains\/#article","isPartOf":{"@id":"https:\/\/www.collectifsrefugiesdromevaucluse.fr\/index.php\/2026\/09\/01\/passerelle-organise-son-festival-du-18-au-20-septembre-prochains\/"},"author":{"name":"Michel LEONARD","@id":"https:\/\/www.collectifsrefugiesdromevaucluse.fr\/#\/schema\/person\/10d8793c44e59f526a5965eb4025b487"},"headline":"Passerelle organise son festival du 18 au 20 septembre prochains","datePublished":"2026-09-01T19:45:46+00:00","dateModified":"2026-09-01T19:45:49+00:00","mainEntityOfPage":{"@id":"https:\/\/www.collectifsrefugiesdromevaucluse.fr\/index.php\/2026\/09\/01\/passerelle-organise-son-festival-du-18-au-20-septembre-prochains\/"},"wordCount":46,"commentCount":0,"publisher":{"@id":"https:\/\/www.collectifsrefugiesdromevaucluse.fr\/#organization"},"image":{"@id":"https:\/\/www.collectifsrefugiesdromevaucluse.fr\/index.php\/2026\/09\/01\/passerelle-organise-son-festival-du-18-au-20-septembre-prochains\/#primaryimage"},"thumbnailUrl":"https:\/\/www.collectifsrefugiesdromevaucluse.fr\/wp-content\/uploads\/2026\/09\/les-murs-ne-servent.-passerelle-2026.jpg","keywords":["R\u00e9fugi\u00e9s"],"inLanguage":"fr-FR","potentialAction":[{"@type":"CommentAction","name":"Comment","target":["https:\/\/www.collectifsrefugiesdromevaucluse.fr\/index.php\/2026\/09\/01\/passerelle-organise-son-festival-du-18-au-20-septembre-prochains\/#respond"]}]},{"@type":"WebPage","@id":"https:\/\/www.collectifsrefugiesdromevaucluse.fr\/index.php\/2026\/09\/01\/passerelle-organise-son-festival-du-18-au-20-septembre-prochains\/","url":"https:\/\/www.collectifsrefugiesdromevaucluse.fr\/index.php\/2026\/09\/01\/passerelle-organise-son-festival-du-18-au-20-septembre-prochains\/","name":"Passerelle organise son festival du 18 au 20 septembre prochains - Collectifs pour l&#039;accueil des r\u00e9fugi\u00e9s en dr\u00f4me et vaucluse","isPartOf":{"@id":"https:\/\/www.collectifsrefugiesdromevaucluse.fr\/#website"},"primaryImageOfPage":{"@id":"https:\/\/www.collectifsrefugiesdromevaucluse.fr\/index.php\/2026\/09\/01\/passerelle-organise-son-festival-du-18-au-20-septembre-prochains\/#primaryimage"},"image":{"@id":"https:\/\/www.collectifsrefugiesdromevaucluse.fr\/index.php\/2026\/09\/01\/passerelle-organise-son-festival-du-18-au-20-septembre-prochains\/#primaryimage"},"thumbnailUrl":"https:\/\/www.collectifsrefugiesdromevaucluse.fr\/wp-content\/uploads\/2026\/09\/les-murs-ne-servent.-passerelle-2026.jpg","datePublished":"2026-09-01T19:45:46+00:00","dateModified":"2026-09-01T19:45:49+00:00","breadcrumb":{"@id":"https:\/\/www.collectifsrefugiesdromevaucluse.fr\/index.php\/2026\/09\/01\/passerelle-organise-son-festival-du-18-au-20-septembre-prochains\/#breadcrumb"},"inLanguage":"fr-FR","potentialAction":[{"@type":"ReadAction","target":["https:\/\/www.collectifsrefugiesdromevaucluse.fr\/index.php\/2026\/09\/01\/passerelle-organise-son-festival-du-18-au-20-septembre-prochains\/"]}]},{"@type":"ImageObject","inLanguage":"fr-FR","@id":"https:\/\/www.collectifsrefugiesdromevaucluse.fr\/index.php\/2026\/09\/01\/passerelle-organise-son-festival-du-18-au-20-septembre-prochains\/#primaryimage","url":"https:\/\/www.collectifsrefugiesdromevaucluse.fr\/wp-content\/uploads\/2026\/09\/les-murs-ne-servent.-passerelle-2026.jpg","contentUrl":"https:\/\/www.collectifsrefugiesdromevaucluse.fr\/wp-content\/uploads\/2026\/09\/les-murs-ne-servent.-passerelle-2026.jpg","width":885,"height":1228},{"@type":"BreadcrumbList","@id":"https:\/\/www.collectifsrefugiesdromevaucluse.fr\/index.php\/2026\/09\/01\/passerelle-organise-son-festival-du-18-au-20-septembre-prochains\/#breadcrumb","itemListElement":[{"@type":"ListItem","position":1,"name":"Accueil","item":"https:\/\/www.collectifsrefugiesdromevaucluse.fr\/"},{"@type":"ListItem","position":2,"name":"Passerelle organise son festival du 18 au 20 septembre prochains"}]},{"@type":"WebSite","@id":"https:\/\/www.collectifsrefugiesdromevaucluse.fr\/#website","url":"https:\/\/www.collectifsrefugiesdromevaucluse.fr\/","name":"Collectifs pour l'accueil des r\u00e9fugi\u00e9s en dr\u00f4me et vaucluse","description":"L&#039;accueil des r\u00e9fugi\u00e9s en Dr\u00f4me et Vaucluse","publisher":{"@id":"https:\/\/www.collectifsrefugiesdromevaucluse.fr\/#organization"},"potentialAction":[{"@type":"SearchAction","target":{"@type":"EntryPoint","urlTemplate":"https:\/\/www.collectifsrefugiesdromevaucluse.fr\/?s={search_term_string}"},"query-input":{"@type":"PropertyValueSpecification","valueRequired":true,"valueName":"search_term_string"}}],"inLanguage":"fr-FR"},{"@type":"Organization","@id":"https:\/\/www.collectifsrefugiesdromevaucluse.fr\/#organization","name":"Collectifs pour l'accueil des r\u00e9fugi\u00e9s en dr\u00f4me et vaucluse","url":"https:\/\/www.collectifsrefugiesdromevaucluse.fr\/","logo":{"@type":"ImageObject","inLanguage":"fr-FR","@id":"https:\/\/www.collectifsrefugiesdromevaucluse.fr\/#\/schema\/logo\/image\/","url":"https:\/\/www.collectifsrefugiesdromevaucluse.fr\/wp-content\/uploads\/2026\/02\/Logo-MP-e1781887450619.png","contentUrl":"https:\/\/www.collectifsrefugiesdromevaucluse.fr\/wp-content\/uploads\/2026\/02\/Logo-MP-e1781887450619.png","width":300,"height":275,"caption":"Collectifs pour l'accueil des r\u00e9fugi\u00e9s en dr\u00f4me et vaucluse"},"image":{"@id":"https:\/\/www.collectifsrefugiesdromevaucluse.fr\/#\/schema\/logo\/image\/"}},{"@type":"Person","@id":"https:\/\/www.collectifsrefugiesdromevaucluse.fr\/#\/schema\/person\/10d8793c44e59f526a5965eb4025b487","name":"Michel LEONARD","image":{"@type":"ImageObject","inLanguage":"fr-FR","@id":"https:\/\/secure.gravatar.com\/avatar\/cee8ea81964678675cf44b8ef95fd59c406ceef67cc52e82b49e07c1e773ab27?s=96&d=mm&r=g","url":"https:\/\/secure.gravatar.com\/avatar\/cee8ea81964678675cf44b8ef95fd59c406ceef67cc52e82b49e07c1e773ab27?s=96&d=mm&r=g","contentUrl":"https:\/\/secure.gravatar.com\/avatar\/cee8ea81964678675cf44b8ef95fd59c406ceef67cc52e82b49e07c1e773ab27?s=96&d=mm&r=g","caption":"Michel LEONARD"},"sameAs":["https:\/\/collectifsrefugiesdromevaucluse.fr"],"url":"https:\/\/www.collectifsrefugiesdromevaucluse.fr\/index.php\/author\/collectifs-refugies-26-84\/"}]}},"jetpack_sharing_enabled":true,"jetpack_featured_media_url":"https:\/\/www.collectifsrefugiesdromevaucluse.fr\/wp-content\/uploads\/2026\/09\/les-murs-ne-servent.-passerelle-2026.jpg","_links":{"self":[{"href":"https:\/\/www.collectifsrefugiesdromevaucluse.fr\/index.php\/wp-json\/wp\/v2\/posts\/7541","targetHints":{"allow":["GET"]}}],"collection":[{"href":"https:\/\/www.collectifsrefugiesdromevaucluse.fr\/index.php\/wp-json\/wp\/v2\/posts"}],"about":[{"href":"https:\/\/www.collectifsrefugiesdromevaucluse.fr\/index.php\/wp-json\/wp\/v2\/types\/post"}],"author":[{"embeddable":true,"href":"https:\/\/www.collectifsrefugiesdromevaucluse.fr\/index.php\/wp-json\/wp\/v2\/users\/2"}],"replies":[{"embeddable":true,"href":"https:\/\/www.collectifsrefugiesdromevaucluse.fr\/index.php\/wp-json\/wp\/v2\/comments?post=7541"}],"version-history":[{"count":1,"href":"https:\/\/www.collectifsrefugiesdromevaucluse.fr\/index.php\/wp-json\/wp\/v2\/posts\/7541\/revisions"}],"predecessor-version":[{"id":7543,"href":"https:\/\/www.collectifsrefugiesdromevaucluse.fr\/index.php\/wp-json\/wp\/v2\/posts\/7541\/revisions\/7543"}],"wp:featuredmedia":[{"embeddable":true,"href":"https:\/\/www.collectifsrefugiesdromevaucluse.fr\/index.php\/wp-json\/wp\/v2\/media\/7542"}],"wp:attachment":[{"href":"https:\/\/www.collectifsrefugiesdromevaucluse.fr\/index.php\/wp-json\/wp\/v2\/media?parent=7541"}],"wp:term":[{"taxonomy":"category","embeddable":true,"href":"https:\/\/www.collectifsrefugiesdromevaucluse.fr\/index.php\/wp-json\/wp\/v2\/categories?post=7541"},{"taxonomy":"post_tag","embeddable":true,"href":"https:\/\/www.collectifsrefugiesdromevaucluse.fr\/index.php\/wp-json\/wp\/v2\/tags?post=7541"}],"curies":[{"name":"wp","href":"https:\/\/api.w.org\/{rel}","templated":true}]}}